{"@context":"https:\/\/schema.org\/","@type":"CollectionPage","@id":"https:\/\/www.propp.cz\/vzdelani\/#CollectionPage","headline":"Vzd\u011bl\u00e1n\u00ed Category","description":"","url":"https:\/\/www.propp.cz\/vzdelani\/","hasPart":[{"@type":"Article","@id":"https:\/\/www.propp.cz\/jsou-alternativni-styly-vyuky-dobre\/","headline":"Jsou alternativn\u00ed styly v\u00fduky dobr\u00e9?","url":"https:\/\/www.propp.cz\/jsou-alternativni-styly-vyuky-dobre\/","datePublished":"2023-12-31","dateModified":"2023-12-31","mainEntityOfPage":"https:\/\/www.propp.cz\/jsou-alternativni-styly-vyuky-dobre\/","author":{"@type":"Person","@id":"https:\/\/www.propp.cz\/author\/#Person","name":"","url":"https:\/\/www.propp.cz\/author\/","identifier":1,"image":{"@type":"ImageObject","@id":"https:\/\/secure.gravatar.com\/avatar\/03ef97ef22d1b0d07a8e6c50d88cc1823592c58a091286b466bcec36e31eaab2?s=96&d=mm&r=g","url":"https:\/\/secure.gravatar.com\/avatar\/03ef97ef22d1b0d07a8e6c50d88cc1823592c58a091286b466bcec36e31eaab2?s=96&d=mm&r=g","height":96,"width":96}},"publisher":{"@type":"Organization","name":"propp.cz","logo":{"@type":"ImageObject","@id":"\/logo.png","url":"\/logo.png","width":600,"height":60}},"image":{"@type":"ImageObject","@id":"https:\/\/www.propp.cz\/wp-content\/uploads\/dite3_10_10_6.jpg","url":"https:\/\/www.propp.cz\/wp-content\/uploads\/dite3_10_10_6.jpg","height":0,"width":0},"keywords":null},{"@type":"Article","@id":"https:\/\/www.propp.cz\/vzdelani-v-zahranici\/","headline":"Vzd\u011bl\u00e1n\u00ed v zahrani\u010d\u00ed","url":"https:\/\/www.propp.cz\/vzdelani-v-zahranici\/","datePublished":"2023-05-06","dateModified":"2023-05-06","mainEntityOfPage":"https:\/\/www.propp.cz\/vzdelani-v-zahranici\/","author":{"@type":"Person","@id":"https:\/\/www.propp.cz\/author\/#Person","name":"","url":"https:\/\/www.propp.cz\/author\/","identifier":1,"image":{"@type":"ImageObject","@id":"https:\/\/secure.gravatar.com\/avatar\/03ef97ef22d1b0d07a8e6c50d88cc1823592c58a091286b466bcec36e31eaab2?s=96&d=mm&r=g","url":"https:\/\/secure.gravatar.com\/avatar\/03ef97ef22d1b0d07a8e6c50d88cc1823592c58a091286b466bcec36e31eaab2?s=96&d=mm&r=g","height":96,"width":96}},"publisher":{"@type":"Organization","name":"propp.cz","logo":{"@type":"ImageObject","@id":"\/logo.png","url":"\/logo.png","width":600,"height":60}},"image":{"@type":"ImageObject","@id":"https:\/\/www.propp.cz\/wp-content\/uploads\/img_a329335_w2657_t1541800031.jpg","url":"https:\/\/www.propp.cz\/wp-content\/uploads\/img_a329335_w2657_t1541800031.jpg","height":0,"width":0},"keywords":null},{"@type":"Article","@id":"https:\/\/www.propp.cz\/skvele-vzdelani\/","headline":"Skv\u011bl\u00e9 vzd\u011bl\u00e1n\u00ed","url":"https:\/\/www.propp.cz\/skvele-vzdelani\/","datePublished":"2022-08-22","dateModified":"2023-05-06","mainEntityOfPage":"https:\/\/www.propp.cz\/skvele-vzdelani\/","author":{"@type":"Person","@id":"https:\/\/www.propp.cz\/author\/#Person","name":"","url":"https:\/\/www.propp.cz\/author\/","identifier":1,"image":{"@type":"ImageObject","@id":"https:\/\/secure.gravatar.com\/avatar\/03ef97ef22d1b0d07a8e6c50d88cc1823592c58a091286b466bcec36e31eaab2?s=96&d=mm&r=g","url":"https:\/\/secure.gravatar.com\/avatar\/03ef97ef22d1b0d07a8e6c50d88cc1823592c58a091286b466bcec36e31eaab2?s=96&d=mm&r=g","height":96,"width":96}},"publisher":{"@type":"Organization","name":"propp.cz","logo":{"@type":"ImageObject","@id":"\/logo.png","url":"\/logo.png","width":600,"height":60}},"image":{"@type":"ImageObject","@id":"https:\/\/www.propp.cz\/wp-content\/uploads\/woman-1851464_960_720_3.jpg","url":"https:\/\/www.propp.cz\/wp-content\/uploads\/woman-1851464_960_720_3.jpg","height":0,"width":0},"keywords":null},{"@type":"Article","@id":"https:\/\/www.propp.cz\/kdyz-se-ma-dite-vzdelavat-samo\/","headline":"Kdy\u017e se m\u00e1 d\u00edt\u011b vzd\u011bl\u00e1vat samo&#8230;","url":"https:\/\/www.propp.cz\/kdyz-se-ma-dite-vzdelavat-samo\/","datePublished":"2022-06-28","dateModified":"2022-06-28","mainEntityOfPage":"https:\/\/www.propp.cz\/kdyz-se-ma-dite-vzdelavat-samo\/","author":{"@type":"Person","@id":"https:\/\/www.propp.cz\/author\/#Person","name":"","url":"https:\/\/www.propp.cz\/author\/","identifier":1,"image":{"@type":"ImageObject","@id":"https:\/\/secure.gravatar.com\/avatar\/03ef97ef22d1b0d07a8e6c50d88cc1823592c58a091286b466bcec36e31eaab2?s=96&d=mm&r=g","url":"https:\/\/secure.gravatar.com\/avatar\/03ef97ef22d1b0d07a8e6c50d88cc1823592c58a091286b466bcec36e31eaab2?s=96&d=mm&r=g","height":96,"width":96}},"publisher":{"@type":"Organization","name":"propp.cz","logo":{"@type":"ImageObject","@id":"\/logo.png","url":"\/logo.png","width":600,"height":60}},"image":{"@type":"ImageObject","@id":"https:\/\/www.propp.cz\/wp-content\/uploads\/diu%C4%8D.JPG","url":"https:\/\/www.propp.cz\/wp-content\/uploads\/diu%C4%8D.JPG","height":0,"width":0},"keywords":null},{"@type":"Article","@id":"https:\/\/www.propp.cz\/kulturni-psychoanalyza\/","headline":"Kulturn\u00ed psychoanal\u00fdza","url":"https:\/\/www.propp.cz\/kulturni-psychoanalyza\/","datePublished":"2019-06-03","dateModified":"2023-05-06","mainEntityOfPage":"https:\/\/www.propp.cz\/kulturni-psychoanalyza\/","author":{"@type":"Person","@id":"https:\/\/www.propp.cz\/author\/#Person","name":"","url":"https:\/\/www.propp.cz\/author\/","identifier":1,"image":{"@type":"ImageObject","@id":"https:\/\/secure.gravatar.com\/avatar\/03ef97ef22d1b0d07a8e6c50d88cc1823592c58a091286b466bcec36e31eaab2?s=96&d=mm&r=g","url":"https:\/\/secure.gravatar.com\/avatar\/03ef97ef22d1b0d07a8e6c50d88cc1823592c58a091286b466bcec36e31eaab2?s=96&d=mm&r=g","height":96,"width":96}},"publisher":{"@type":"Organization","name":"propp.cz","logo":{"@type":"ImageObject","@id":"\/logo.png","url":"\/logo.png","width":600,"height":60}},"image":{"@type":"ImageObject","@id":"https:\/\/www.propp.cz\/wp-content\/uploads\/img_a347185_w2657_t1561387073.jpg","url":"https:\/\/www.propp.cz\/wp-content\/uploads\/img_a347185_w2657_t1561387073.jpg","height":0,"width":0},"keywords":null}]}