[{"@context":"https:\/\/schema.org\/","@type":"Article","@id":"https:\/\/www.propp.cz\/satny-a-prevlekarny\/#Article","mainEntityOfPage":"https:\/\/www.propp.cz\/satny-a-prevlekarny\/","headline":"\u0160atny a p\u0159evl\u00e9k\u00e1rny","name":"\u0160atny a p\u0159evl\u00e9k\u00e1rny","description":"\u0160atny se staly sou\u010d\u00e1st\u00ed dom\u016f obdobn\u011b jako kuchy\u0148, ob\u00fdvac\u00ed pokoj nebo lo\u017enice. Nach\u00e1zej\u00ed se bu\u010f u samotn\u00e9ho vchodu, kde si pouze odkl\u00e1d\u00e1me \u010d\u00e1st svrchn\u00edho oble\u010den\u00ed nebo v bl\u00edzkosti lo\u017enice, kde mohou pln\u011b nahradit \u0161atn\u00ed sk\u0159\u00edn\u011b. Pr\u00e1v\u011b proto, \u017ee jsou ned\u00edln\u00fdm prvkem bydlen\u00ed, m\u011bly by m\u00edt \u0161atn\u00ed prostory \u00farove\u0148 .&#13; \u00dalo\u017en\u00e9 prostory jsou d\u016fle\u017eitou sou\u010d\u00e1st\u00ed bytu [&hellip;]","datePublished":"2018-08-14","dateModified":"2023-05-06","author":{"@type":"Person","@id":"https:\/\/www.propp.cz\/author\/#Person","name":"","url":"https:\/\/www.propp.cz\/author\/","identifier":1,"image":{"@type":"ImageObject","@id":"https:\/\/secure.gravatar.com\/avatar\/03ef97ef22d1b0d07a8e6c50d88cc1823592c58a091286b466bcec36e31eaab2?s=96&d=mm&r=g","url":"https:\/\/secure.gravatar.com\/avatar\/03ef97ef22d1b0d07a8e6c50d88cc1823592c58a091286b466bcec36e31eaab2?s=96&d=mm&r=g","height":96,"width":96}},"publisher":{"@type":"Organization","name":"propp.cz","logo":{"@type":"ImageObject","@id":"\/logo.png","url":"\/logo.png","width":600,"height":60}},"image":{"@type":"ImageObject","@id":"https:\/\/www.propp.cz\/wp-content\/uploads\/img_a323205_w2657_t1534965040.png","url":"https:\/\/www.propp.cz\/wp-content\/uploads\/img_a323205_w2657_t1534965040.png","height":0,"width":0},"url":"https:\/\/www.propp.cz\/satny-a-prevlekarny\/","about":["D\u016fm a byt"],"wordCount":394,"articleBody":"\u0160atny se staly sou\u010d\u00e1st\u00ed dom\u016f obdobn\u011b jako kuchy\u0148, ob\u00fdvac\u00ed pokoj nebo lo\u017enice. Nach\u00e1zej\u00ed se bu\u010f u samotn\u00e9ho vchodu, kde si pouze odkl\u00e1d\u00e1me \u010d\u00e1st svrchn\u00edho oble\u010den\u00ed nebo v bl\u00edzkosti lo\u017enice, kde mohou pln\u011b nahradit \u0161atn\u00ed sk\u0159\u00edn\u011b. Pr\u00e1v\u011b proto, \u017ee jsou ned\u00edln\u00fdm prvkem bydlen\u00ed, m\u011bly by m\u00edt \u0161atn\u00ed prostory \u00farove\u0148 .&#13; \u00dalo\u017en\u00e9 prostory jsou d\u016fle\u017eitou sou\u010d\u00e1st\u00ed bytu nebo domu a m\u011bly by m\u00edt ur\u010dit\u00fd styl a komfort. Pokud m\u00e1te prostoru dostatek, tak ur\u010dit\u011b vyu\u017eijete mo\u017enosti vybudov\u00e1n\u00ed vestav\u011bn\u00e9 \u0161atny. V\u00fdhodou je, \u017ee je spojen\u00edm sk\u0159\u00edn\u011b a p\u0159evl\u00e9k\u00e1rny z\u00e1rove\u0148, nav\u00edc budete m\u00edt dokonal\u00fd p\u0159ehled o tom, kolik oble\u010den\u00ed, obuvi, ta\u0161ek a dal\u0161\u00edch dopl\u0148k\u016f aktu\u00e1ln\u011b m\u00e1te k dispozici. Jestli\u017ee m\u00e1te mo\u017enost um\u00edstit \u0161atnu tam, kde je i okno, pak to ud\u011blejte. \u00dalo\u017en\u00e9 syst\u00e9my jsou velice variabiln\u00ed a vyhovovat mus\u00ed opravdu ka\u017ed\u00e9mu. Dodr\u017eet byste v\u0161ak m\u011bli \u0161\u00ed\u0159ku uli\u010dky mezi stranami, ta by m\u011bla b\u00fdt kolem devades\u00e1ti centimetr\u016f a hloubka takov\u00e1, aby se ve\u0161la ram\u00ednka, u poli\u010dek je ide\u00e1ln\u00ed hloubka mezi \u010dty\u0159iceti a pades\u00e1ti centimetry. Abyste m\u011bli dostate\u010dn\u00fd p\u0159ehled o v\u0161em, co m\u00e1te v \u0161atn\u011b ulo\u017eeno, pak tak\u00e9 myslete na to, \u017ee se v \u0161atn\u011b budete pohybovat a i se tam p\u0159\u00edmo obl\u00e9kat, uli\u010dka by proto m\u011bla b\u00fdt dostate\u010dn\u011b \u0161irok\u00e1, aby v n\u00ed byl umo\u017en\u011bn pohyb. Pokud budete \u0161atnu vyu\u017e\u00edvat z\u00e1rove\u0148 i jako p\u0159evl\u00e9k\u00e1rnu a nebojujete s nedostatkem prostoru, m\u016f\u017eete do uli\u010dky um\u00edstit i p\u0159edm\u011bt, na kter\u00fd budete odkl\u00e1dat oble\u010den\u00ed p\u0159i p\u0159evl\u00e9k\u00e1n\u00ed.&#13; Pro co nejefektivn\u011bj\u0161\u00ed uspo\u0159\u00e1d\u00e1n\u00ed volte syst\u00e9my vertik\u00e1ln\u00ed a horizont\u00e1ln\u00ed, obzvl\u00e1\u0161\u0165 pokud budete \u0161atnu budovat v prostor\u00e1ch atypick\u00fdch.&#13; Co se t\u00fdk\u00e1 ceny, z\u00e1le\u017e\u00ed na tom, zda \u0161atna bude vy\u017eadovat rozs\u00e1hlej\u0161\u00ed \u00fapravy a jak bude velik\u00e1, m\u016f\u017ee to spravit jen n\u011bkolik tis\u00edc korun, ale tak\u00e9 se cena m\u016f\u017ee vy\u0161plhat i na sto tis\u00edc korun.                                                                                                                                                                                                                                                                                                                                                                                        3.5\/5 - (8 votes)        "},{"@context":"https:\/\/schema.org\/","@type":"BreadcrumbList","itemListElement":[{"@type":"ListItem","position":1,"name":"\u0160atny a p\u0159evl\u00e9k\u00e1rny","item":"https:\/\/www.propp.cz\/satny-a-prevlekarny\/#breadcrumbitem"}]}]