[{"@context":"https:\/\/schema.org\/","@type":"Blog","@id":"https:\/\/www.propp.cz#Blog","headline":"Propp","description":"\nChcete-li se vymanit z\u00a0rutiny v\u0161edn\u00edho dne, jste pr\u00e1v\u011b na na\u0161\u00ed internetov\u00e9 str\u00e1nce na tom nejlep\u0161\u00edm mo\u017en\u00e9m m\u00edst\u011b, na jak\u00e9m jste se mohli ocitnout.","url":"https:\/\/www.propp.cz","hasPart":[{"@type":"Article","@id":"https:\/\/www.propp.cz\/umele-kvetiny-nejen-do-vencu\/","headline":"Um\u011bl\u00e9 kv\u011btiny nejen do v\u011bnc\u016f.","url":"https:\/\/www.propp.cz\/umele-kvetiny-nejen-do-vencu\/","datePublished":"2022-03-28","dateModified":"2023-05-06","mainEntityOfPage":"https:\/\/www.propp.cz\/umele-kvetiny-nejen-do-vencu\/","author":{"@type":"Person","@id":"https:\/\/www.propp.cz\/author\/#Person","name":"","url":"https:\/\/www.propp.cz\/author\/","identifier":1,"image":{"@type":"ImageObject","@id":"https:\/\/secure.gravatar.com\/avatar\/03ef97ef22d1b0d07a8e6c50d88cc1823592c58a091286b466bcec36e31eaab2?s=96&d=mm&r=g","url":"https:\/\/secure.gravatar.com\/avatar\/03ef97ef22d1b0d07a8e6c50d88cc1823592c58a091286b466bcec36e31eaab2?s=96&d=mm&r=g","height":96,"width":96}},"publisher":{"@type":"Organization","name":"propp.cz","logo":{"@type":"ImageObject","@id":"\/logo.png","url":"\/logo.png","width":600,"height":60}},"image":{"@type":"ImageObject","@id":"https:\/\/www.propp.cz\/wp-content\/uploads\/gen__vyr_23194_97367.jpg","url":"https:\/\/www.propp.cz\/wp-content\/uploads\/gen__vyr_23194_97367.jpg","height":0,"width":0},"wordCount":561,"keywords":null},{"@type":"Article","@id":"https:\/\/www.propp.cz\/trendy-ve-svete-bydleni-pro-jaro-a-leto-roku-2022\/","headline":"Trendy ve sv\u011bt\u011b bydlen\u00ed pro jaro a l\u00e9to roku 2022","url":"https:\/\/www.propp.cz\/trendy-ve-svete-bydleni-pro-jaro-a-leto-roku-2022\/","datePublished":"2022-03-11","dateModified":"2022-03-11","mainEntityOfPage":"https:\/\/www.propp.cz\/trendy-ve-svete-bydleni-pro-jaro-a-leto-roku-2022\/","author":{"@type":"Person","@id":"https:\/\/www.propp.cz\/author\/#Person","name":"","url":"https:\/\/www.propp.cz\/author\/","identifier":1,"image":{"@type":"ImageObject","@id":"https:\/\/secure.gravatar.com\/avatar\/03ef97ef22d1b0d07a8e6c50d88cc1823592c58a091286b466bcec36e31eaab2?s=96&d=mm&r=g","url":"https:\/\/secure.gravatar.com\/avatar\/03ef97ef22d1b0d07a8e6c50d88cc1823592c58a091286b466bcec36e31eaab2?s=96&d=mm&r=g","height":96,"width":96}},"publisher":{"@type":"Organization","name":"propp.cz","logo":{"@type":"ImageObject","@id":"\/logo.png","url":"\/logo.png","width":600,"height":60}},"image":{"@type":"ImageObject","@id":"https:\/\/www.propp.cz\/wp-content\/uploads\/interior-g04452cc7b_640.jpg","url":"https:\/\/www.propp.cz\/wp-content\/uploads\/interior-g04452cc7b_640.jpg","height":0,"width":0},"wordCount":537,"keywords":null},{"@type":"Article","@id":"https:\/\/www.propp.cz\/tato-kup-mi-stene\/","headline":"T\u00e1to, kup mi \u0161t\u011bn\u011b!","url":"https:\/\/www.propp.cz\/tato-kup-mi-stene\/","datePublished":"2022-02-09","dateModified":"2023-05-06","mainEntityOfPage":"https:\/\/www.propp.cz\/tato-kup-mi-stene\/","author":{"@type":"Person","@id":"https:\/\/www.propp.cz\/author\/#Person","name":"","url":"https:\/\/www.propp.cz\/author\/","identifier":1,"image":{"@type":"ImageObject","@id":"https:\/\/secure.gravatar.com\/avatar\/03ef97ef22d1b0d07a8e6c50d88cc1823592c58a091286b466bcec36e31eaab2?s=96&d=mm&r=g","url":"https:\/\/secure.gravatar.com\/avatar\/03ef97ef22d1b0d07a8e6c50d88cc1823592c58a091286b466bcec36e31eaab2?s=96&d=mm&r=g","height":96,"width":96}},"publisher":{"@type":"Organization","name":"propp.cz","logo":{"@type":"ImageObject","@id":"\/logo.png","url":"\/logo.png","width":600,"height":60}},"image":{"@type":"ImageObject","@id":"https:\/\/www.propp.cz\/wp-content\/uploads\/akita%20%C5%A1t%C4%9Bn%C4%9B_8.jpg","url":"https:\/\/www.propp.cz\/wp-content\/uploads\/akita%20%C5%A1t%C4%9Bn%C4%9B_8.jpg","height":0,"width":0},"wordCount":715,"keywords":null},{"@type":"Article","@id":"https:\/\/www.propp.cz\/jaky-lustr-zvolit\/","headline":"Jak\u00fd lustr zvolit","url":"https:\/\/www.propp.cz\/jaky-lustr-zvolit\/","datePublished":"2022-02-07","dateModified":"2023-05-06","mainEntityOfPage":"https:\/\/www.propp.cz\/jaky-lustr-zvolit\/","author":{"@type":"Person","@id":"https:\/\/www.propp.cz\/author\/#Person","name":"","url":"https:\/\/www.propp.cz\/author\/","identifier":1,"image":{"@type":"ImageObject","@id":"https:\/\/secure.gravatar.com\/avatar\/03ef97ef22d1b0d07a8e6c50d88cc1823592c58a091286b466bcec36e31eaab2?s=96&d=mm&r=g","url":"https:\/\/secure.gravatar.com\/avatar\/03ef97ef22d1b0d07a8e6c50d88cc1823592c58a091286b466bcec36e31eaab2?s=96&d=mm&r=g","height":96,"width":96}},"publisher":{"@type":"Organization","name":"propp.cz","logo":{"@type":"ImageObject","@id":"\/logo.png","url":"\/logo.png","width":600,"height":60}},"image":{"@type":"ImageObject","@id":"https:\/\/www.propp.cz\/wp-content\/uploads\/pexels-photo-11099061.jpeg","url":"https:\/\/www.propp.cz\/wp-content\/uploads\/pexels-photo-11099061.jpeg","height":0,"width":0},"wordCount":544,"keywords":null},{"@type":"Article","@id":"https:\/\/www.propp.cz\/levandule-a-jeji-ucinky\/","headline":"Levandule a jej\u00ed \u00fa\u010dinky","url":"https:\/\/www.propp.cz\/levandule-a-jeji-ucinky\/","datePublished":"2021-12-26","dateModified":"2023-05-06","mainEntityOfPage":"https:\/\/www.propp.cz\/levandule-a-jeji-ucinky\/","author":{"@type":"Person","@id":"https:\/\/www.propp.cz\/author\/#Person","name":"","url":"https:\/\/www.propp.cz\/author\/","identifier":1,"image":{"@type":"ImageObject","@id":"https:\/\/secure.gravatar.com\/avatar\/03ef97ef22d1b0d07a8e6c50d88cc1823592c58a091286b466bcec36e31eaab2?s=96&d=mm&r=g","url":"https:\/\/secure.gravatar.com\/avatar\/03ef97ef22d1b0d07a8e6c50d88cc1823592c58a091286b466bcec36e31eaab2?s=96&d=mm&r=g","height":96,"width":96}},"publisher":{"@type":"Organization","name":"propp.cz","logo":{"@type":"ImageObject","@id":"\/logo.png","url":"\/logo.png","width":600,"height":60}},"image":{"@type":"ImageObject","@id":"https:\/\/www.propp.cz\/wp-content\/uploads\/lavender-gc5e76bfc9_640.jpg","url":"https:\/\/www.propp.cz\/wp-content\/uploads\/lavender-gc5e76bfc9_640.jpg","height":0,"width":0},"wordCount":651,"keywords":null},{"@type":"Article","@id":"https:\/\/www.propp.cz\/obdarovat-reklamnimi-predmety-muzete-krome-zakazniku-i-sve-pratele\/","headline":"Obdarovat reklamn\u00edmi p\u0159edm\u011bty m\u016f\u017eete krom\u011b z\u00e1kazn\u00edk\u016f i sv\u00e9 p\u0159\u00e1tele","url":"https:\/\/www.propp.cz\/obdarovat-reklamnimi-predmety-muzete-krome-zakazniku-i-sve-pratele\/","datePublished":"2021-11-10","dateModified":"2023-05-06","mainEntityOfPage":"https:\/\/www.propp.cz\/obdarovat-reklamnimi-predmety-muzete-krome-zakazniku-i-sve-pratele\/","author":{"@type":"Person","@id":"https:\/\/www.propp.cz\/author\/#Person","name":"","url":"https:\/\/www.propp.cz\/author\/","identifier":1,"image":{"@type":"ImageObject","@id":"https:\/\/secure.gravatar.com\/avatar\/03ef97ef22d1b0d07a8e6c50d88cc1823592c58a091286b466bcec36e31eaab2?s=96&d=mm&r=g","url":"https:\/\/secure.gravatar.com\/avatar\/03ef97ef22d1b0d07a8e6c50d88cc1823592c58a091286b466bcec36e31eaab2?s=96&d=mm&r=g","height":96,"width":96}},"publisher":{"@type":"Organization","name":"propp.cz","logo":{"@type":"ImageObject","@id":"\/logo.png","url":"\/logo.png","width":600,"height":60}},"image":{"@type":"ImageObject","@id":"https:\/\/www.propp.cz\/wp-content\/uploads\/pen-g710b6fd6a_640.jpg","url":"https:\/\/www.propp.cz\/wp-content\/uploads\/pen-g710b6fd6a_640.jpg","height":0,"width":0},"wordCount":582,"keywords":null},{"@type":"Article","@id":"https:\/\/www.propp.cz\/nechci-svetr-s-limeckem-chci-kardigan\/","headline":"Nechci svetr s l\u00edme\u010dkem, chci kardigan!","url":"https:\/\/www.propp.cz\/nechci-svetr-s-limeckem-chci-kardigan\/","datePublished":"2021-11-06","dateModified":"2023-05-06","mainEntityOfPage":"https:\/\/www.propp.cz\/nechci-svetr-s-limeckem-chci-kardigan\/","author":{"@type":"Person","@id":"https:\/\/www.propp.cz\/author\/#Person","name":"","url":"https:\/\/www.propp.cz\/author\/","identifier":1,"image":{"@type":"ImageObject","@id":"https:\/\/secure.gravatar.com\/avatar\/03ef97ef22d1b0d07a8e6c50d88cc1823592c58a091286b466bcec36e31eaab2?s=96&d=mm&r=g","url":"https:\/\/secure.gravatar.com\/avatar\/03ef97ef22d1b0d07a8e6c50d88cc1823592c58a091286b466bcec36e31eaab2?s=96&d=mm&r=g","height":96,"width":96}},"publisher":{"@type":"Organization","name":"propp.cz","logo":{"@type":"ImageObject","@id":"\/logo.png","url":"\/logo.png","width":600,"height":60}},"image":{"@type":"ImageObject","@id":"https:\/\/www.propp.cz\/wp-content\/uploads\/fp-377287_1.jpg","url":"https:\/\/www.propp.cz\/wp-content\/uploads\/fp-377287_1.jpg","height":0,"width":0},"wordCount":562,"keywords":null},{"@type":"Article","@id":"https:\/\/www.propp.cz\/kousek-nabytku\/","headline":"Kousek n\u00e1bytku","url":"https:\/\/www.propp.cz\/kousek-nabytku\/","datePublished":"2021-09-26","dateModified":"2023-05-06","mainEntityOfPage":"https:\/\/www.propp.cz\/kousek-nabytku\/","author":{"@type":"Person","@id":"https:\/\/www.propp.cz\/author\/#Person","name":"","url":"https:\/\/www.propp.cz\/author\/","identifier":1,"image":{"@type":"ImageObject","@id":"https:\/\/secure.gravatar.com\/avatar\/03ef97ef22d1b0d07a8e6c50d88cc1823592c58a091286b466bcec36e31eaab2?s=96&d=mm&r=g","url":"https:\/\/secure.gravatar.com\/avatar\/03ef97ef22d1b0d07a8e6c50d88cc1823592c58a091286b466bcec36e31eaab2?s=96&d=mm&r=g","height":96,"width":96}},"publisher":{"@type":"Organization","name":"propp.cz","logo":{"@type":"ImageObject","@id":"\/logo.png","url":"\/logo.png","width":600,"height":60}},"image":{"@type":"ImageObject","@id":"https:\/\/www.propp.cz\/wp-content\/uploads\/kv%C4%9Btiny%20na%20stolku.jpg","url":"https:\/\/www.propp.cz\/wp-content\/uploads\/kv%C4%9Btiny%20na%20stolku.jpg","height":0,"width":0},"wordCount":606,"keywords":null},{"@type":"Article","@id":"https:\/\/www.propp.cz\/poradek-nade-vse\/","headline":"Po\u0159\u00e1dek nade v\u0161e","url":"https:\/\/www.propp.cz\/poradek-nade-vse\/","datePublished":"2021-09-25","dateModified":"2024-01-03","mainEntityOfPage":"https:\/\/www.propp.cz\/poradek-nade-vse\/","author":{"@type":"Person","@id":"https:\/\/www.propp.cz\/author\/#Person","name":"","url":"https:\/\/www.propp.cz\/author\/","identifier":1,"image":{"@type":"ImageObject","@id":"https:\/\/secure.gravatar.com\/avatar\/03ef97ef22d1b0d07a8e6c50d88cc1823592c58a091286b466bcec36e31eaab2?s=96&d=mm&r=g","url":"https:\/\/secure.gravatar.com\/avatar\/03ef97ef22d1b0d07a8e6c50d88cc1823592c58a091286b466bcec36e31eaab2?s=96&d=mm&r=g","height":96,"width":96}},"publisher":{"@type":"Organization","name":"propp.cz","logo":{"@type":"ImageObject","@id":"\/logo.png","url":"\/logo.png","width":600,"height":60}},"image":{"@type":"ImageObject","@id":"https:\/\/www.propp.cz\/wp-content\/uploads\/mop.jpg","url":"https:\/\/www.propp.cz\/wp-content\/uploads\/mop.jpg","height":0,"width":0},"wordCount":781,"keywords":null},{"@type":"Article","@id":"https:\/\/www.propp.cz\/bydleni-za-super-ceny\/","headline":"Bydlen\u00ed za super ceny","url":"https:\/\/www.propp.cz\/bydleni-za-super-ceny\/","datePublished":"2021-09-19","dateModified":"2023-05-06","mainEntityOfPage":"https:\/\/www.propp.cz\/bydleni-za-super-ceny\/","author":{"@type":"Person","@id":"https:\/\/www.propp.cz\/author\/#Person","name":"","url":"https:\/\/www.propp.cz\/author\/","identifier":1,"image":{"@type":"ImageObject","@id":"https:\/\/secure.gravatar.com\/avatar\/03ef97ef22d1b0d07a8e6c50d88cc1823592c58a091286b466bcec36e31eaab2?s=96&d=mm&r=g","url":"https:\/\/secure.gravatar.com\/avatar\/03ef97ef22d1b0d07a8e6c50d88cc1823592c58a091286b466bcec36e31eaab2?s=96&d=mm&r=g","height":96,"width":96}},"publisher":{"@type":"Organization","name":"propp.cz","logo":{"@type":"ImageObject","@id":"\/logo.png","url":"\/logo.png","width":600,"height":60}},"image":{"@type":"ImageObject","@id":"https:\/\/www.propp.cz\/wp-content\/uploads\/Ob%C3%BDv%C3%A1k_6.jpg","url":"https:\/\/www.propp.cz\/wp-content\/uploads\/Ob%C3%BDv%C3%A1k_6.jpg","height":0,"width":0},"wordCount":705,"keywords":null}]},{"@context":"https:\/\/schema.org","@type":"WebSite","@id":"https:\/\/www.propp.cz\/#website","name":"Propp","url":"https:\/\/www.propp.cz","potentialAction":{"@type":"SearchAction","target":"https:\/\/www.propp.cz\/?s={search_term_string}","query-input":"required name=search_term_string"}}]