[{"@context":"https:\/\/schema.org\/","@type":"Article","@id":"https:\/\/www.propp.cz\/koruna-slavi-100-let\/#Article","mainEntityOfPage":"https:\/\/www.propp.cz\/koruna-slavi-100-let\/","headline":"Koruna slav\u00ed 100 let","name":"Koruna slav\u00ed 100 let","description":"\u010cesk\u00e1 koruna, p\u016fvodn\u011b \u010deskoslovensk\u00e1, slav\u00ed letos stejn\u011b jako na\u0161e republika 100 let od sv\u00e9ho vzniku. K t\u00e9to p\u0159\u00edle\u017eitosti \u010cesk\u00e1 n\u00e1rodn\u00ed banka vydala n\u011bkolik v\u00fdro\u010dn\u00edch minc\u00ed a poprv\u00e9 i v\u00fdro\u010dn\u00ed bankovku. Ob\u011b\u017en\u00e9 mince 20 K\u010d Prvn\u00ed \u010d\u00e1st ob\u011b\u017en\u00fdch minc\u00ed s nomin\u00e1ln\u00ed hodnotou 20 K\u010d byla vyd\u00e1na 24.10.2018. Byly vyra\u017eeny v \u010cesk\u00e9 mincovn\u011b v Jablonci nad Nisou. [&hellip;]","datePublished":"2023-05-06","dateModified":"2023-05-06","author":{"@type":"Person","@id":"https:\/\/www.propp.cz\/author\/#Person","name":"","url":"https:\/\/www.propp.cz\/author\/","identifier":1,"image":{"@type":"ImageObject","@id":"https:\/\/secure.gravatar.com\/avatar\/03ef97ef22d1b0d07a8e6c50d88cc1823592c58a091286b466bcec36e31eaab2?s=96&d=mm&r=g","url":"https:\/\/secure.gravatar.com\/avatar\/03ef97ef22d1b0d07a8e6c50d88cc1823592c58a091286b466bcec36e31eaab2?s=96&d=mm&r=g","height":96,"width":96}},"publisher":{"@type":"Organization","name":"propp.cz","logo":{"@type":"ImageObject","@id":"\/logo.png","url":"\/logo.png","width":600,"height":60}},"image":{"@type":"ImageObject","@id":"https:\/\/www.propp.cz\/wp-content\/uploads\/img_a330551_w2657_t1543072546.png","url":"https:\/\/www.propp.cz\/wp-content\/uploads\/img_a330551_w2657_t1543072546.png","height":0,"width":0},"url":"https:\/\/www.propp.cz\/koruna-slavi-100-let\/","about":["Pen\u00edze"],"wordCount":442,"articleBody":"\u010cesk\u00e1 koruna, p\u016fvodn\u011b \u010deskoslovensk\u00e1, slav\u00ed letos stejn\u011b jako na\u0161e republika 100 let od sv\u00e9ho vzniku. K t\u00e9to p\u0159\u00edle\u017eitosti \u010cesk\u00e1 n\u00e1rodn\u00ed banka vydala n\u011bkolik v\u00fdro\u010dn\u00edch minc\u00ed a poprv\u00e9 i v\u00fdro\u010dn\u00ed bankovku.Ob\u011b\u017en\u00e9 mince 20 K\u010dPrvn\u00ed \u010d\u00e1st ob\u011b\u017en\u00fdch minc\u00ed s nomin\u00e1ln\u00ed hodnotou 20 K\u010d byla vyd\u00e1na 24.10.2018. Byly vyra\u017eeny v \u010cesk\u00e9 mincovn\u011b v Jablonci nad Nisou. Na l\u00edcov\u00e9 stran\u011b minc\u00ed je \u010desk\u00fd lev a na rubov\u00e9 jsou portr\u00e9ty v\u00fdznamn\u00fdch osobnost\u00ed \u010ceskoslovenska T.G. Masaryka, M.R. \u0160tef\u00e1nika a E. Bene\u0161e. Celkem bylo uvoln\u011bno k v\u00fdm\u011bn\u011b 200 tis\u00edc kus\u016f t\u011bchto minc\u00ed. Aby byl zaji\u0161t\u011bn rovn\u00fd p\u0159\u00edstup, byly vyd\u00e1v\u00e1ny pouze v\u00fdm\u011bnou za hotovost na 7 v\u00fddejn\u00edch m\u00edstech po cel\u00e9 \u010cR v po\u010dtu 3 kusy od ka\u017ed\u00e9ho vzoru na osobu za den. V\u011bt\u0161ina uchaze\u010d\u016f vyu\u017eila maxim\u00e1ln\u00ed po\u010det 9 minc\u00ed na 1 v\u00fdm\u011bnu, nejv\u011bt\u0161\u00ed z\u00e1jem byl o mince s portr\u00e9tem T.G. Masaryka. P\u0159ev\u00e1\u017en\u00e1 v\u011bt\u0161ina t\u011bchto minc\u00ed z\u016fstane pravd\u011bpodobn\u011b v dr\u017een\u00ed sb\u011bratel\u016f, nad\u0161enc\u016f i lid\u00ed, kte\u0159\u00ed si jen cht\u011bj\u00ed nechat pam\u00e1tku na toto kr\u00e1sn\u00e9 v\u00fdro\u010d\u00ed. Do ob\u011bhu se dostane z\u0159ejm\u011b jen minim\u00e1ln\u00ed mno\u017estv\u00ed, a i to pravd\u011bpodobn\u011b op\u011bt uv\u00edzne v rukou n\u011bjak\u00e9ho nad\u0161ence. Pokud jste tuto ud\u00e1lost nestihli nevad\u00ed, bude je\u0161t\u011b jedna p\u0159\u00edle\u017eitost. Tyto mince budou je\u0161t\u011b znovu vyra\u017eeny spolu s dal\u0161\u00edmi 3 osobnostmi, a to nejv\u00fdznamn\u011bj\u0161\u00edmi meziv\u00e1le\u010dn\u00fdmi finan\u010dn\u00edky A. Ra\u0161\u00ednem, V. Posp\u00ed\u0161ilem a K. Engli\u0161em. P\u0159edpokl\u00e1dan\u00e9 datum emise je 30.ledna 2019. Podm\u00ednky by m\u011bly b\u00fdt stejn\u00e9 jako u prvn\u00ed emise dne 24.10.2018.Pam\u011btn\u00ed mince\u010cNB vydala tak\u00e9 n\u011bkolik pam\u011btn\u00edch minc\u00ed a to:100 mil. K\u010d zlatou vysokohmotnostn\u00ed minci &ndash; 100 let \u010deskoslovensk\u00e9 koruny10 tis. K\u010d zlatou minci &#8211; 100. v\u00fdro\u010d\u00ed zaveden\u00ed \u010deskoslovensk\u00e9 m\u011bny10 tis. K\u010d zlatou minci &ndash; 100. v\u00fdro\u010d\u00ed vzniku \u010ceskoslovenska2 tis. K\u010d bimetalovou minci &#8211; 100. v\u00fdro\u010d\u00ed zaveden\u00ed \u010deskoslovensk\u00e9 koruny500 K\u010d st\u0159\u00edbrnou minci &ndash; 100. v\u00fdro\u010d\u00ed zah\u00e1jen\u00ed vyd\u00e1v\u00e1n\u00ed \u010deskoslovensk\u00fdch platidel500 K\u010d st\u0159\u00edbrnou minci &ndash; 100. v\u00fdro\u010dn\u00ed p\u0159ijet\u00ed Washingtonsk\u00e9 deklaracePam\u011btn\u00ed bankovkaPoprv\u00e9 bude tak\u00e9 vyd\u00e1na pam\u011btn\u00ed bankovka &ldquo;budov\u00e1n\u00ed \u010deskoslovensk\u00e9 m\u011bny&rdquo; s portr\u00e9tem A. Ra\u0161\u00edna a nomin\u00e1ln\u00ed hodnotou 100 K\u010d. Vyd\u00e1n\u00ed t\u00e9to bankovky je pl\u00e1novan\u00e9 na 25.2.2019 a bude vyd\u00e1na v po\u010dtu 20 000 kus\u016f.                                                                                                                                                                                                                                                                                                                                                                                        4.6\/5 - (9 votes)        "},{"@context":"https:\/\/schema.org\/","@type":"BreadcrumbList","itemListElement":[{"@type":"ListItem","position":1,"name":"Koruna slav\u00ed 100 let","item":"https:\/\/www.propp.cz\/koruna-slavi-100-let\/#breadcrumbitem"}]}]